{"id":1266,"date":"2020-04-30T12:52:41","date_gmt":"2020-04-30T09:52:41","guid":{"rendered":"http:\/\/www.aries-tm.ro\/interview-with-mihai-tataran-ceo-avaelgo-about-the-offensive-and-defensive-organization-of-the-company-in-the-context-of-the-covid-19-pandemic\/"},"modified":"2020-08-27T14:45:06","modified_gmt":"2020-08-27T11:45:06","slug":"interview-with-mihai-tataran-ceo-avaelgo-about-the-offensive-and-defensive-organization-of-the-company-in-the-context-of-the-covid-19-pandemic","status":"publish","type":"post","link":"https:\/\/www.aries-tm.ro\/en\/interview-with-mihai-tataran-ceo-avaelgo-about-the-offensive-and-defensive-organization-of-the-company-in-the-context-of-the-covid-19-pandemic\/","title":{"rendered":"Interview with Mihai T\u0103t\u0103ran, CEO Avaelgo about the offensive and defensive organization of the company in the context of the Covid-19 pandemic"},"content":{"rendered":"\n<p>In the interview, Mihai T\u0103t\u0103ran, the founder and general manager of Avaelgo, talks about the offensive and defensive organization of the company in the context of the Covid-19 pandemic, but also about the new ideas that were born during this period or whose time came for to be implemented.\n<\/p>\n\n\n\n<p>For more information, read this <a href=\"https:\/\/www.transilvaniabusiness.ro\/2020\/04\/28\/pozitiv-tb-mihai-tataran-manager-general-avaelgo-analizam-cum-va-arata-lumea-si-investim-in-produse-noi-ce-vor-putea-fi-vandute-in-6-12-luni-din-momentul-acesta\/\" target=\"_blank\" rel=\"noopener noreferrer\">blog<\/a> post.<\/p>\n\n\n\n<div class=\"wp-block-image\"><figure class=\"aligncenter size-large is-resized\"><img loading=\"lazy\" decoding=\"async\" src=\"http:\/\/www.aries-tm.ro\/wp-content\/uploads\/2020\/08\/Interviu-cu-Mihai-T\u0103t\u0103ran-CEO-Avaelgo-despre-organizarea-ofensiv\u0103-\u0219i-defensiv\u0103-a-companiei-\u00een-contextul-pandemiei-Covid-19.png\" alt=\"\" class=\"wp-image-1198\" width=\"320\" height=\"238\" srcset=\"https:\/\/www.aries-tm.ro\/wp-content\/uploads\/2020\/08\/Interviu-cu-Mihai-T\u0103t\u0103ran-CEO-Avaelgo-despre-organizarea-ofensiv\u0103-\u0219i-defensiv\u0103-a-companiei-\u00een-contextul-pandemiei-Covid-19.png 960w, https:\/\/www.aries-tm.ro\/wp-content\/uploads\/2020\/08\/Interviu-cu-Mihai-T\u0103t\u0103ran-CEO-Avaelgo-despre-organizarea-ofensiv\u0103-\u0219i-defensiv\u0103-a-companiei-\u00een-contextul-pandemiei-Covid-19-300x224.png 300w, https:\/\/www.aries-tm.ro\/wp-content\/uploads\/2020\/08\/Interviu-cu-Mihai-T\u0103t\u0103ran-CEO-Avaelgo-despre-organizarea-ofensiv\u0103-\u0219i-defensiv\u0103-a-companiei-\u00een-contextul-pandemiei-Covid-19-768x573.png 768w\" sizes=\"auto, (max-width: 320px) 100vw, 320px\" \/><\/figure><\/div>\n","protected":false},"excerpt":{"rendered":"<p>In the interview, Mihai T\u0103t\u0103ran, the founder and general manager of Avaelgo, talks about the offensive and defensive organization of the company in the context of the Covid-19 pandemic, but also about the new ideas that were born during this period or whose time came for to be implemented. For more information, read this blog [&hellip;]<\/p>\n","protected":false},"author":4,"featured_media":1199,"comment_status":"open","ping_status":"closed","sticky":false,"template":"","format":"standard","meta":{"_acf_changed":false,"inline_featured_image":false,"footnotes":""},"categories":[21],"tags":[],"vizibilitate_site":[39,38],"class_list":["post-1266","post","type-post","status-publish","format-standard","has-post-thumbnail","hentry","category-members-news","vizibilitate_site-aries-tm","vizibilitate_site-banat-software"],"acf":[],"yoast_head":"<!-- This site is optimized with the Yoast SEO plugin v27.2 - https:\/\/yoast.com\/product\/yoast-seo-wordpress\/ -->\n<title>Interview with Mihai T\u0103t\u0103ran, CEO Avaelgo about the offensive and defensive organization of the company in the context of the Covid-19 pandemic | Aries<\/title>\n<meta name=\"robots\" content=\"index, follow, max-snippet:-1, max-image-preview:large, max-video-preview:-1\" \/>\n<link rel=\"canonical\" href=\"https:\/\/www.aries-tm.ro\/en\/interview-with-mihai-tataran-ceo-avaelgo-about-the-offensive-and-defensive-organization-of-the-company-in-the-context-of-the-covid-19-pandemic\/\" \/>\n<meta property=\"og:locale\" content=\"en_US\" \/>\n<meta property=\"og:type\" content=\"article\" \/>\n<meta property=\"og:title\" content=\"Interview with Mihai T\u0103t\u0103ran, CEO Avaelgo about the offensive and defensive organization of the company in the context of the Covid-19 pandemic | Aries\" \/>\n<meta property=\"og:description\" content=\"In the interview, Mihai T\u0103t\u0103ran, the founder and general manager of Avaelgo, talks about the offensive and defensive organization of the company in the context of the Covid-19 pandemic, but also about the new ideas that were born during this period or whose time came for to be implemented. For more information, read this blog [&hellip;]\" \/>\n<meta property=\"og:url\" content=\"https:\/\/www.aries-tm.ro\/en\/interview-with-mihai-tataran-ceo-avaelgo-about-the-offensive-and-defensive-organization-of-the-company-in-the-context-of-the-covid-19-pandemic\/\" \/>\n<meta property=\"og:site_name\" content=\"Aries\" \/>\n<meta property=\"article:published_time\" content=\"2020-04-30T09:52:41+00:00\" \/>\n<meta property=\"article:modified_time\" content=\"2020-08-27T11:45:06+00:00\" \/>\n<meta property=\"og:image\" content=\"https:\/\/www.aries-tm.ro\/wp-content\/uploads\/2020\/08\/Interviu-cu-Mihai-T\u0103t\u0103ran-CEO-Avaelgo-despre-organizarea-ofensiv\u0103-\u0219i-defensiv\u0103-a-companiei-\u00een-contextul-pandemiei-Covid-19.png\" \/>\n\t<meta property=\"og:image:width\" content=\"960\" \/>\n\t<meta property=\"og:image:height\" content=\"716\" \/>\n\t<meta property=\"og:image:type\" content=\"image\/png\" \/>\n<meta name=\"author\" content=\"mariana\" \/>\n<meta name=\"twitter:card\" content=\"summary_large_image\" \/>\n<meta name=\"twitter:label1\" content=\"Written by\" \/>\n\t<meta name=\"twitter:data1\" content=\"mariana\" \/>\n<script type=\"application\/ld+json\" class=\"yoast-schema-graph\">{\"@context\":\"https:\/\/schema.org\",\"@graph\":[{\"@type\":\"Article\",\"@id\":\"https:\/\/www.aries-tm.ro\/en\/interview-with-mihai-tataran-ceo-avaelgo-about-the-offensive-and-defensive-organization-of-the-company-in-the-context-of-the-covid-19-pandemic\/#article\",\"isPartOf\":{\"@id\":\"https:\/\/www.aries-tm.ro\/en\/interview-with-mihai-tataran-ceo-avaelgo-about-the-offensive-and-defensive-organization-of-the-company-in-the-context-of-the-covid-19-pandemic\/\"},\"author\":{\"name\":\"mariana\",\"@id\":\"https:\/\/www.aries-tm.ro\/en\/#\/schema\/person\/69aec2089dfb2e4a4e65d04893b7c5ee\"},\"headline\":\"Interview with Mihai T\u0103t\u0103ran, CEO Avaelgo about the offensive and defensive organization of the company in the context of the Covid-19 pandemic\",\"datePublished\":\"2020-04-30T09:52:41+00:00\",\"dateModified\":\"2020-08-27T11:45:06+00:00\",\"mainEntityOfPage\":{\"@id\":\"https:\/\/www.aries-tm.ro\/en\/interview-with-mihai-tataran-ceo-avaelgo-about-the-offensive-and-defensive-organization-of-the-company-in-the-context-of-the-covid-19-pandemic\/\"},\"wordCount\":82,\"commentCount\":0,\"image\":{\"@id\":\"https:\/\/www.aries-tm.ro\/en\/interview-with-mihai-tataran-ceo-avaelgo-about-the-offensive-and-defensive-organization-of-the-company-in-the-context-of-the-covid-19-pandemic\/#primaryimage\"},\"thumbnailUrl\":\"https:\/\/www.aries-tm.ro\/wp-content\/uploads\/2020\/08\/Interviu-cu-Mihai-T\u0103t\u0103ran-CEO-Avaelgo-despre-organizarea-ofensiv\u0103-\u0219i-defensiv\u0103-a-companiei-\u00een-contextul-pandemiei-Covid-19.png\",\"articleSection\":[\"Members News\"],\"inLanguage\":\"en-US\",\"potentialAction\":[{\"@type\":\"CommentAction\",\"name\":\"Comment\",\"target\":[\"https:\/\/www.aries-tm.ro\/en\/interview-with-mihai-tataran-ceo-avaelgo-about-the-offensive-and-defensive-organization-of-the-company-in-the-context-of-the-covid-19-pandemic\/#respond\"]}]},{\"@type\":\"WebPage\",\"@id\":\"https:\/\/www.aries-tm.ro\/en\/interview-with-mihai-tataran-ceo-avaelgo-about-the-offensive-and-defensive-organization-of-the-company-in-the-context-of-the-covid-19-pandemic\/\",\"url\":\"https:\/\/www.aries-tm.ro\/en\/interview-with-mihai-tataran-ceo-avaelgo-about-the-offensive-and-defensive-organization-of-the-company-in-the-context-of-the-covid-19-pandemic\/\",\"name\":\"Interview with Mihai T\u0103t\u0103ran, CEO Avaelgo about the offensive and defensive organization of the company in the context of the Covid-19 pandemic | Aries\",\"isPartOf\":{\"@id\":\"https:\/\/www.aries-tm.ro\/en\/#website\"},\"primaryImageOfPage\":{\"@id\":\"https:\/\/www.aries-tm.ro\/en\/interview-with-mihai-tataran-ceo-avaelgo-about-the-offensive-and-defensive-organization-of-the-company-in-the-context-of-the-covid-19-pandemic\/#primaryimage\"},\"image\":{\"@id\":\"https:\/\/www.aries-tm.ro\/en\/interview-with-mihai-tataran-ceo-avaelgo-about-the-offensive-and-defensive-organization-of-the-company-in-the-context-of-the-covid-19-pandemic\/#primaryimage\"},\"thumbnailUrl\":\"https:\/\/www.aries-tm.ro\/wp-content\/uploads\/2020\/08\/Interviu-cu-Mihai-T\u0103t\u0103ran-CEO-Avaelgo-despre-organizarea-ofensiv\u0103-\u0219i-defensiv\u0103-a-companiei-\u00een-contextul-pandemiei-Covid-19.png\",\"datePublished\":\"2020-04-30T09:52:41+00:00\",\"dateModified\":\"2020-08-27T11:45:06+00:00\",\"author\":{\"@id\":\"https:\/\/www.aries-tm.ro\/en\/#\/schema\/person\/69aec2089dfb2e4a4e65d04893b7c5ee\"},\"breadcrumb\":{\"@id\":\"https:\/\/www.aries-tm.ro\/en\/interview-with-mihai-tataran-ceo-avaelgo-about-the-offensive-and-defensive-organization-of-the-company-in-the-context-of-the-covid-19-pandemic\/#breadcrumb\"},\"inLanguage\":\"en-US\",\"potentialAction\":[{\"@type\":\"ReadAction\",\"target\":[\"https:\/\/www.aries-tm.ro\/en\/interview-with-mihai-tataran-ceo-avaelgo-about-the-offensive-and-defensive-organization-of-the-company-in-the-context-of-the-covid-19-pandemic\/\"]}]},{\"@type\":\"ImageObject\",\"inLanguage\":\"en-US\",\"@id\":\"https:\/\/www.aries-tm.ro\/en\/interview-with-mihai-tataran-ceo-avaelgo-about-the-offensive-and-defensive-organization-of-the-company-in-the-context-of-the-covid-19-pandemic\/#primaryimage\",\"url\":\"https:\/\/www.aries-tm.ro\/wp-content\/uploads\/2020\/08\/Interviu-cu-Mihai-T\u0103t\u0103ran-CEO-Avaelgo-despre-organizarea-ofensiv\u0103-\u0219i-defensiv\u0103-a-companiei-\u00een-contextul-pandemiei-Covid-19.png\",\"contentUrl\":\"https:\/\/www.aries-tm.ro\/wp-content\/uploads\/2020\/08\/Interviu-cu-Mihai-T\u0103t\u0103ran-CEO-Avaelgo-despre-organizarea-ofensiv\u0103-\u0219i-defensiv\u0103-a-companiei-\u00een-contextul-pandemiei-Covid-19.png\",\"width\":960,\"height\":716},{\"@type\":\"BreadcrumbList\",\"@id\":\"https:\/\/www.aries-tm.ro\/en\/interview-with-mihai-tataran-ceo-avaelgo-about-the-offensive-and-defensive-organization-of-the-company-in-the-context-of-the-covid-19-pandemic\/#breadcrumb\",\"itemListElement\":[{\"@type\":\"ListItem\",\"position\":1,\"name\":\"Home\",\"item\":\"https:\/\/www.aries-tm.ro\/en\/\"},{\"@type\":\"ListItem\",\"position\":2,\"name\":\"Interview with Mihai T\u0103t\u0103ran, CEO Avaelgo about the offensive and defensive organization of the company in the context of the Covid-19 pandemic\"}]},{\"@type\":\"WebSite\",\"@id\":\"https:\/\/www.aries-tm.ro\/en\/#website\",\"url\":\"https:\/\/www.aries-tm.ro\/en\/\",\"name\":\"Aries\",\"description\":\"Just another WordPress site\",\"potentialAction\":[{\"@type\":\"SearchAction\",\"target\":{\"@type\":\"EntryPoint\",\"urlTemplate\":\"https:\/\/www.aries-tm.ro\/en\/?s={search_term_string}\"},\"query-input\":{\"@type\":\"PropertyValueSpecification\",\"valueRequired\":true,\"valueName\":\"search_term_string\"}}],\"inLanguage\":\"en-US\"},{\"@type\":\"Person\",\"@id\":\"https:\/\/www.aries-tm.ro\/en\/#\/schema\/person\/69aec2089dfb2e4a4e65d04893b7c5ee\",\"name\":\"mariana\",\"image\":{\"@type\":\"ImageObject\",\"inLanguage\":\"en-US\",\"@id\":\"https:\/\/secure.gravatar.com\/avatar\/cb75c9d27b6c695c928015307b708aa4960d7a855ec0eee8a1a6de5abeb0903c?s=96&d=mm&r=g\",\"url\":\"https:\/\/secure.gravatar.com\/avatar\/cb75c9d27b6c695c928015307b708aa4960d7a855ec0eee8a1a6de5abeb0903c?s=96&d=mm&r=g\",\"contentUrl\":\"https:\/\/secure.gravatar.com\/avatar\/cb75c9d27b6c695c928015307b708aa4960d7a855ec0eee8a1a6de5abeb0903c?s=96&d=mm&r=g\",\"caption\":\"mariana\"},\"url\":\"https:\/\/www.aries-tm.ro\/en\/author\/mariana\/\"}]}<\/script>\n<!-- \/ Yoast SEO plugin. -->","yoast_head_json":{"title":"Interview with Mihai T\u0103t\u0103ran, CEO Avaelgo about the offensive and defensive organization of the company in the context of the Covid-19 pandemic | Aries","robots":{"index":"index","follow":"follow","max-snippet":"max-snippet:-1","max-image-preview":"max-image-preview:large","max-video-preview":"max-video-preview:-1"},"canonical":"https:\/\/www.aries-tm.ro\/en\/interview-with-mihai-tataran-ceo-avaelgo-about-the-offensive-and-defensive-organization-of-the-company-in-the-context-of-the-covid-19-pandemic\/","og_locale":"en_US","og_type":"article","og_title":"Interview with Mihai T\u0103t\u0103ran, CEO Avaelgo about the offensive and defensive organization of the company in the context of the Covid-19 pandemic | Aries","og_description":"In the interview, Mihai T\u0103t\u0103ran, the founder and general manager of Avaelgo, talks about the offensive and defensive organization of the company in the context of the Covid-19 pandemic, but also about the new ideas that were born during this period or whose time came for to be implemented. For more information, read this blog [&hellip;]","og_url":"https:\/\/www.aries-tm.ro\/en\/interview-with-mihai-tataran-ceo-avaelgo-about-the-offensive-and-defensive-organization-of-the-company-in-the-context-of-the-covid-19-pandemic\/","og_site_name":"Aries","article_published_time":"2020-04-30T09:52:41+00:00","article_modified_time":"2020-08-27T11:45:06+00:00","og_image":[{"width":960,"height":716,"url":"https:\/\/www.aries-tm.ro\/wp-content\/uploads\/2020\/08\/Interviu-cu-Mihai-T\u0103t\u0103ran-CEO-Avaelgo-despre-organizarea-ofensiv\u0103-\u0219i-defensiv\u0103-a-companiei-\u00een-contextul-pandemiei-Covid-19.png","type":"image\/png"}],"author":"mariana","twitter_card":"summary_large_image","twitter_misc":{"Written by":"mariana"},"schema":{"@context":"https:\/\/schema.org","@graph":[{"@type":"Article","@id":"https:\/\/www.aries-tm.ro\/en\/interview-with-mihai-tataran-ceo-avaelgo-about-the-offensive-and-defensive-organization-of-the-company-in-the-context-of-the-covid-19-pandemic\/#article","isPartOf":{"@id":"https:\/\/www.aries-tm.ro\/en\/interview-with-mihai-tataran-ceo-avaelgo-about-the-offensive-and-defensive-organization-of-the-company-in-the-context-of-the-covid-19-pandemic\/"},"author":{"name":"mariana","@id":"https:\/\/www.aries-tm.ro\/en\/#\/schema\/person\/69aec2089dfb2e4a4e65d04893b7c5ee"},"headline":"Interview with Mihai T\u0103t\u0103ran, CEO Avaelgo about the offensive and defensive organization of the company in the context of the Covid-19 pandemic","datePublished":"2020-04-30T09:52:41+00:00","dateModified":"2020-08-27T11:45:06+00:00","mainEntityOfPage":{"@id":"https:\/\/www.aries-tm.ro\/en\/interview-with-mihai-tataran-ceo-avaelgo-about-the-offensive-and-defensive-organization-of-the-company-in-the-context-of-the-covid-19-pandemic\/"},"wordCount":82,"commentCount":0,"image":{"@id":"https:\/\/www.aries-tm.ro\/en\/interview-with-mihai-tataran-ceo-avaelgo-about-the-offensive-and-defensive-organization-of-the-company-in-the-context-of-the-covid-19-pandemic\/#primaryimage"},"thumbnailUrl":"https:\/\/www.aries-tm.ro\/wp-content\/uploads\/2020\/08\/Interviu-cu-Mihai-T\u0103t\u0103ran-CEO-Avaelgo-despre-organizarea-ofensiv\u0103-\u0219i-defensiv\u0103-a-companiei-\u00een-contextul-pandemiei-Covid-19.png","articleSection":["Members News"],"inLanguage":"en-US","potentialAction":[{"@type":"CommentAction","name":"Comment","target":["https:\/\/www.aries-tm.ro\/en\/interview-with-mihai-tataran-ceo-avaelgo-about-the-offensive-and-defensive-organization-of-the-company-in-the-context-of-the-covid-19-pandemic\/#respond"]}]},{"@type":"WebPage","@id":"https:\/\/www.aries-tm.ro\/en\/interview-with-mihai-tataran-ceo-avaelgo-about-the-offensive-and-defensive-organization-of-the-company-in-the-context-of-the-covid-19-pandemic\/","url":"https:\/\/www.aries-tm.ro\/en\/interview-with-mihai-tataran-ceo-avaelgo-about-the-offensive-and-defensive-organization-of-the-company-in-the-context-of-the-covid-19-pandemic\/","name":"Interview with Mihai T\u0103t\u0103ran, CEO Avaelgo about the offensive and defensive organization of the company in the context of the Covid-19 pandemic | Aries","isPartOf":{"@id":"https:\/\/www.aries-tm.ro\/en\/#website"},"primaryImageOfPage":{"@id":"https:\/\/www.aries-tm.ro\/en\/interview-with-mihai-tataran-ceo-avaelgo-about-the-offensive-and-defensive-organization-of-the-company-in-the-context-of-the-covid-19-pandemic\/#primaryimage"},"image":{"@id":"https:\/\/www.aries-tm.ro\/en\/interview-with-mihai-tataran-ceo-avaelgo-about-the-offensive-and-defensive-organization-of-the-company-in-the-context-of-the-covid-19-pandemic\/#primaryimage"},"thumbnailUrl":"https:\/\/www.aries-tm.ro\/wp-content\/uploads\/2020\/08\/Interviu-cu-Mihai-T\u0103t\u0103ran-CEO-Avaelgo-despre-organizarea-ofensiv\u0103-\u0219i-defensiv\u0103-a-companiei-\u00een-contextul-pandemiei-Covid-19.png","datePublished":"2020-04-30T09:52:41+00:00","dateModified":"2020-08-27T11:45:06+00:00","author":{"@id":"https:\/\/www.aries-tm.ro\/en\/#\/schema\/person\/69aec2089dfb2e4a4e65d04893b7c5ee"},"breadcrumb":{"@id":"https:\/\/www.aries-tm.ro\/en\/interview-with-mihai-tataran-ceo-avaelgo-about-the-offensive-and-defensive-organization-of-the-company-in-the-context-of-the-covid-19-pandemic\/#breadcrumb"},"inLanguage":"en-US","potentialAction":[{"@type":"ReadAction","target":["https:\/\/www.aries-tm.ro\/en\/interview-with-mihai-tataran-ceo-avaelgo-about-the-offensive-and-defensive-organization-of-the-company-in-the-context-of-the-covid-19-pandemic\/"]}]},{"@type":"ImageObject","inLanguage":"en-US","@id":"https:\/\/www.aries-tm.ro\/en\/interview-with-mihai-tataran-ceo-avaelgo-about-the-offensive-and-defensive-organization-of-the-company-in-the-context-of-the-covid-19-pandemic\/#primaryimage","url":"https:\/\/www.aries-tm.ro\/wp-content\/uploads\/2020\/08\/Interviu-cu-Mihai-T\u0103t\u0103ran-CEO-Avaelgo-despre-organizarea-ofensiv\u0103-\u0219i-defensiv\u0103-a-companiei-\u00een-contextul-pandemiei-Covid-19.png","contentUrl":"https:\/\/www.aries-tm.ro\/wp-content\/uploads\/2020\/08\/Interviu-cu-Mihai-T\u0103t\u0103ran-CEO-Avaelgo-despre-organizarea-ofensiv\u0103-\u0219i-defensiv\u0103-a-companiei-\u00een-contextul-pandemiei-Covid-19.png","width":960,"height":716},{"@type":"BreadcrumbList","@id":"https:\/\/www.aries-tm.ro\/en\/interview-with-mihai-tataran-ceo-avaelgo-about-the-offensive-and-defensive-organization-of-the-company-in-the-context-of-the-covid-19-pandemic\/#breadcrumb","itemListElement":[{"@type":"ListItem","position":1,"name":"Home","item":"https:\/\/www.aries-tm.ro\/en\/"},{"@type":"ListItem","position":2,"name":"Interview with Mihai T\u0103t\u0103ran, CEO Avaelgo about the offensive and defensive organization of the company in the context of the Covid-19 pandemic"}]},{"@type":"WebSite","@id":"https:\/\/www.aries-tm.ro\/en\/#website","url":"https:\/\/www.aries-tm.ro\/en\/","name":"Aries","description":"Just another WordPress site","potentialAction":[{"@type":"SearchAction","target":{"@type":"EntryPoint","urlTemplate":"https:\/\/www.aries-tm.ro\/en\/?s={search_term_string}"},"query-input":{"@type":"PropertyValueSpecification","valueRequired":true,"valueName":"search_term_string"}}],"inLanguage":"en-US"},{"@type":"Person","@id":"https:\/\/www.aries-tm.ro\/en\/#\/schema\/person\/69aec2089dfb2e4a4e65d04893b7c5ee","name":"mariana","image":{"@type":"ImageObject","inLanguage":"en-US","@id":"https:\/\/secure.gravatar.com\/avatar\/cb75c9d27b6c695c928015307b708aa4960d7a855ec0eee8a1a6de5abeb0903c?s=96&d=mm&r=g","url":"https:\/\/secure.gravatar.com\/avatar\/cb75c9d27b6c695c928015307b708aa4960d7a855ec0eee8a1a6de5abeb0903c?s=96&d=mm&r=g","contentUrl":"https:\/\/secure.gravatar.com\/avatar\/cb75c9d27b6c695c928015307b708aa4960d7a855ec0eee8a1a6de5abeb0903c?s=96&d=mm&r=g","caption":"mariana"},"url":"https:\/\/www.aries-tm.ro\/en\/author\/mariana\/"}]}},"_links":{"self":[{"href":"https:\/\/www.aries-tm.ro\/en\/wp-json\/wp\/v2\/posts\/1266","targetHints":{"allow":["GET"]}}],"collection":[{"href":"https:\/\/www.aries-tm.ro\/en\/wp-json\/wp\/v2\/posts"}],"about":[{"href":"https:\/\/www.aries-tm.ro\/en\/wp-json\/wp\/v2\/types\/post"}],"author":[{"embeddable":true,"href":"https:\/\/www.aries-tm.ro\/en\/wp-json\/wp\/v2\/users\/4"}],"replies":[{"embeddable":true,"href":"https:\/\/www.aries-tm.ro\/en\/wp-json\/wp\/v2\/comments?post=1266"}],"version-history":[{"count":2,"href":"https:\/\/www.aries-tm.ro\/en\/wp-json\/wp\/v2\/posts\/1266\/revisions"}],"predecessor-version":[{"id":1780,"href":"https:\/\/www.aries-tm.ro\/en\/wp-json\/wp\/v2\/posts\/1266\/revisions\/1780"}],"wp:featuredmedia":[{"embeddable":true,"href":"https:\/\/www.aries-tm.ro\/en\/wp-json\/wp\/v2\/media\/1199"}],"wp:attachment":[{"href":"https:\/\/www.aries-tm.ro\/en\/wp-json\/wp\/v2\/media?parent=1266"}],"wp:term":[{"taxonomy":"category","embeddable":true,"href":"https:\/\/www.aries-tm.ro\/en\/wp-json\/wp\/v2\/categories?post=1266"},{"taxonomy":"post_tag","embeddable":true,"href":"https:\/\/www.aries-tm.ro\/en\/wp-json\/wp\/v2\/tags?post=1266"},{"taxonomy":"vizibilitate_site","embeddable":true,"href":"https:\/\/www.aries-tm.ro\/en\/wp-json\/wp\/v2\/vizibilitate_site?post=1266"}],"curies":[{"name":"wp","href":"https:\/\/api.w.org\/{rel}","templated":true}]}}